{"id":51,"global_id":"katrilli.ch?id=51","global_id_lineage":["katrilli.ch?id=51"],"author":"1","status":"publish","date":"2017-12-19 17:29:27","date_utc":"2017-12-19 16:29:27","modified":"2018-01-02 00:07:26","modified_utc":"2018-01-01 23:07:26","url":"https:\/\/katrilli.ch\/?tribe_events=nordlektaenze","rest_url":"https:\/\/katrilli.ch\/index.php?rest_route=\/tribe\/events\/v1\/events\/51","title":"Nordlekt\u00e4nze","description":"<p>Nordlekt\u00e4nze mit Pia Pyykk\u00f6nen<\/p>","excerpt":"","slug":"nordlektaenze","image":false,"all_day":true,"start_date":"2018-04-21 00:00:00","start_date_details":{"year":"2018","month":"04","day":"21","hour":"00","minutes":"00","seconds":"00"},"end_date":"2018-04-22 23:59:59","end_date_details":{"year":"2018","month":"04","day":"22","hour":"23","minutes":"59","seconds":"59"},"utc_start_date":"2018-04-20 23:00:00","utc_start_date_details":{"year":"2018","month":"04","day":"20","hour":"23","minutes":"00","seconds":"00"},"utc_end_date":"2018-04-22 22:59:59","utc_end_date_details":{"year":"2018","month":"04","day":"22","hour":"22","minutes":"59","seconds":"59"},"timezone":"UTC+1","timezone_abbr":"UTC+1","cost":"","cost_details":{"currency_symbol":"","currency_code":"","currency_position":"prefix","values":[]},"website":"","show_map":true,"show_map_link":true,"hide_from_listings":false,"sticky":false,"featured":false,"categories":[{"name":"Veranstaltung","slug":"veranstaltung","term_group":0,"term_taxonomy_id":6,"taxonomy":"tribe_events_cat","description":"","parent":0,"count":44,"filter":"raw","id":6,"urls":{"self":"https:\/\/katrilli.ch\/index.php?rest_route=\/tribe\/events\/v1\/categories\/6","collection":"https:\/\/katrilli.ch\/index.php?rest_route=\/tribe\/events\/v1\/categories"}}],"tags":[],"venue":{"id":180,"author":"2","status":"publish","date":"2018-01-02 00:07:26","date_utc":"2018-01-01 23:07:26","modified":"2018-01-02 00:07:26","modified_utc":"2018-01-01 23:07:26","url":"https:\/\/katrilli.ch\/?tribe_venue=zuerich","venue":"Z\u00fcrich","slug":"zuerich","json_ld":{"@type":"Place","name":"Z\u00fcrich","description":"","url":"","address":{"@type":"PostalAddress"},"telephone":"","sameAs":""},"show_map":true,"show_map_link":true,"global_id":"katrilli.ch?id=180","global_id_lineage":["katrilli.ch?id=180"]},"organizer":[{"id":181,"author":"2","status":"publish","date":"2018-01-02 00:07:26","date_utc":"2018-01-01 23:07:26","modified":"2018-01-02 00:07:26","modified_utc":"2018-01-01 23:07:26","url":"https:\/\/katrilli.ch\/?tribe_organizer=wenlat","organizer":"Wenlat","slug":"wenlat","json_ld":{"@type":"Person","name":"Wenlat","description":"","url":"","telephone":"","email":"","sameAs":""},"global_id":"katrilli.ch?id=181","global_id_lineage":["katrilli.ch?id=181"]}],"json_ld":{"@context":"http:\/\/schema.org","@type":"Event","name":"Nordlekt\u00e4nze","description":"&lt;p&gt;Nordlekt\u00e4nze mit Pia Pyykk\u00f6nen&lt;\/p&gt;\\n","url":"https:\/\/katrilli.ch\/?tribe_events=nordlektaenze","eventAttendanceMode":"https:\/\/schema.org\/OfflineEventAttendanceMode","eventStatus":"https:\/\/schema.org\/EventScheduled","startDate":"2018-04-21T00:00:00+01:00","endDate":"2018-04-22T23:59:59+01:00","location":{"@type":"Place","name":"Z\u00fcrich","description":"","url":"","address":{"@type":"PostalAddress"},"telephone":"","sameAs":""},"organizer":{"@type":"Person","name":"Wenlat","description":"","url":"","telephone":"","email":"","sameAs":""},"performer":"Organization"}}