{"id":1125,"date":"2022-06-04T15:37:08","date_gmt":"2022-06-04T14:37:08","guid":{"rendered":"https:\/\/katrilli.ch\/?p=1125"},"modified":"2022-06-04T15:37:09","modified_gmt":"2022-06-04T14:37:09","slug":"jahresbericht-2021","status":"publish","type":"post","link":"https:\/\/katrilli.ch\/?p=1125","title":{"rendered":"Jahresbericht 2021"},"content":{"rendered":"\n<p><img decoding=\"async\" loading=\"lazy\" width=\"148\" height=\"160\" src=\"\" alt=\"Textfeld:  \"><strong>JAHRESBERICHT 2021<\/strong><strong><\/strong><\/p>\n\n\n\n<p>Katrilli hat dieses Jahr 11 Mal trainiert. Wir haben uns im Petersschulhaus getroffen und die Tanzleitung hat P\u00e4ivi gemacht. Wir werden n\u00e4chtes Jahr mit 12 Mitgliedern starten. Leider hat unsere Co-Leiterin Dora St\u00e8tak unsere Gruppe verlassen.<\/p>\n\n\n\n<p>&nbsp;AKTIVIT\u00c4TEN:&nbsp;&nbsp;<\/p>\n\n\n\n<p>28.06.-04.07.2021 Wanha Tango Kurs in Joensuu (1 Person)<\/p>\n\n\n\n<p>02.10.2021 Tanzkurs mit Juhani Tahvanainen in Z\u00fcrich ( 2 Personen)<\/p>\n\n\n\n<p>02.10.2021 Tanzball in Z\u00fcrich ( 1 Person)&nbsp;&nbsp;&nbsp;&nbsp;&nbsp;&nbsp;&nbsp;&nbsp;&nbsp;&nbsp;&nbsp;&nbsp;&nbsp;&nbsp;&nbsp;&nbsp;&nbsp;&nbsp;&nbsp;&nbsp;&nbsp;&nbsp;&nbsp;&nbsp;&nbsp;&nbsp;&nbsp;&nbsp;&nbsp;&nbsp;&nbsp;&nbsp;&nbsp;&nbsp;&nbsp;&nbsp;&nbsp;&nbsp;&nbsp;&nbsp;&nbsp;&nbsp;&nbsp;&nbsp;&nbsp;&nbsp;&nbsp;&nbsp;&nbsp;&nbsp;&nbsp;&nbsp;&nbsp;&nbsp;&nbsp;&nbsp;&nbsp;&nbsp;&nbsp;&nbsp;&nbsp;&nbsp;&nbsp;&nbsp;&nbsp;&nbsp;&nbsp;&nbsp;&nbsp;&nbsp;&nbsp;&nbsp;&nbsp;&nbsp;&nbsp;&nbsp;&nbsp;&nbsp;&nbsp;&nbsp;&nbsp;&nbsp;&nbsp;&nbsp;&nbsp;&nbsp;&nbsp;&nbsp;&nbsp;&nbsp;&nbsp;&nbsp;&nbsp;&nbsp;&nbsp;&nbsp;&nbsp;&nbsp;&nbsp;&nbsp;&nbsp;&nbsp;&nbsp;&nbsp;&nbsp;&nbsp;&nbsp;&nbsp;&nbsp;&nbsp;&nbsp;&nbsp;&nbsp;&nbsp;&nbsp;&nbsp;&nbsp;&nbsp;&nbsp;&nbsp;&nbsp;&nbsp;&nbsp;&nbsp;&nbsp;&nbsp;&nbsp;&nbsp;&nbsp;&nbsp;&nbsp;&nbsp;&nbsp;&nbsp;&nbsp;&nbsp;&nbsp;&nbsp;&nbsp;&nbsp;&nbsp;&nbsp;&nbsp;&nbsp;&nbsp;&nbsp;<\/p>\n\n\n\n<p>26.11.2021 Piroggen backen bei Aino (9 Personen)<\/p>\n\n\n\n<p>27.11.2021 Finnischer Weihnachtsmarkt<\/p>\n\n\n\n<p>In diesem zweiten Coronajahr haben wir erst im Herbst mit der Training anfangen k\u00f6nnen. Wir sind so richtig motiviert dran gegangen und konnten wieder viel Freude am Tanzen empfinden. Doch die Covid-Bestimmungen begrenzen die Teilnahme an den Trainingsabenden und somit konnten oder wollten leider nicht alle Katrillimitglieder mittanzen.<\/p>\n\n\n\n<p>Im September hat uns die traurige Nachricht von Kaija Hoffmann erreicht, dass unsere langj\u00e4hrige liebe Tanzkollegin aus der Gruppe Wenlat, Brita Toma, gestorben ist. Ihr fr\u00f6hliches Wesen werden wir alle sehr vermissen.<\/p>\n\n\n\n<p>Anfangs Oktober fand der Ballabend in Z\u00fcrich statt. Mit den Orchestern Uusi Kuu und La Strada hatten Ruth Aukia und Katharina Willi Grosses geleistet. Auch Juhani Tahvanainen aus Finnland war dabei und hat am Nachmittag einen Tanzkurs geleitet.<\/p>\n\n\n\n<p>Ende November fand wieder der finnische Weihnachtsmarkt in Basel statt. Einen Tag vorher backten wir unsere ber\u00fchmten Piroggen bei Aino zu Hause in B\u00e4ttwil. In diesen Zusammenhang haben wir auch f\u00fcr die 45- j\u00e4hrige Katrilli angestossen. Es gibt noch einige T\u00e4nzerinnen, die seit 1976, also von Anfang an, dabei sind. Die \u00e4lteste T\u00e4nzerin in unsere Gruppe ist dieses Jahr 80 geworden. Der Tanz ist eine fantastische Sportart und kann bis zum hohen Alter ge\u00fcbt werden.<\/p>\n\n\n\n<p>&nbsp;Bei den Leiterinnen hat es einige Wechsel gegeben. Ich bin schon die f\u00fcnfte Leiterin. Leider hat auch die andere Katrilli-Leiterin Dora St\u00e8tak Ende November den Austritt gegeben. Auf ihr musikalisches und t\u00e4nzerischesTalent konnten wir uns stets verlassen. Mein herzliches Dankesch\u00f6n geht an Dora. Wir w\u00fcnschen ihr viel Freude und Spass bei den neuen Herausforderungen mit dem ungarischen Tanz.<\/p>\n\n\n\n<p>Ich danke den T\u00e4nzer und allen T\u00e4nzerinnen von Katrilli f\u00fcr die sch\u00f6nen Tanzabende und f\u00fcr die gute Zusammenarbeit und allen diejenigen die irgendeine Weise der Katrilli unterst\u00fctzt hatten und w\u00fcnsche allen sch\u00f6ne Weihnachten und ein wunderbares, gesundes t\u00e4nzerisches, neues Jahr.<\/p>\n\n\n\n<p>Liestal den 17.12.2021&nbsp;&nbsp;&nbsp;&nbsp;&nbsp;&nbsp;&nbsp;&nbsp;&nbsp;&nbsp;&nbsp;&nbsp;&nbsp;&nbsp;&nbsp;&nbsp;&nbsp;&nbsp;&nbsp;&nbsp;&nbsp;&nbsp;&nbsp;&nbsp;&nbsp;&nbsp;&nbsp;&nbsp;&nbsp;&nbsp;&nbsp;&nbsp;&nbsp;&nbsp;&nbsp;&nbsp;&nbsp;&nbsp;&nbsp;&nbsp;&nbsp;&nbsp;&nbsp;&nbsp; P\u00e4ivi Milani, Leiterin Katrilli<\/p>\n\n\n\n<p><a href=\"http:\/\/www.katrilli.ch\">www.katrilli.ch<\/a> oder Telefon 076 463 01 58<\/p>\n","protected":false},"excerpt":{"rendered":"<p>JAHRESBERICHT 2021 Katrilli hat dieses Jahr 11 Mal trainiert. Wir haben uns im Petersschulhaus getroffen und die Tanzleitung hat P\u00e4ivi gemacht. Wir werden n\u00e4chtes Jahr mit 12 Mitgliedern starten. Leider hat unsere Co-Leiterin Dora St\u00e8tak unsere Gruppe verlassen. &nbsp;AKTIVIT\u00c4TEN:&nbsp;&nbsp; 28.06.-04.07.2021 &hellip;<\/p>\n<p class=\"read-more\"> <a class=\"more-link\" href=\"https:\/\/katrilli.ch\/?p=1125\"> <span class=\"screen-reader-text\">Jahresbericht 2021<\/span> Read More &raquo;<\/a><\/p>\n","protected":false},"author":2,"featured_media":0,"comment_status":"closed","ping_status":"closed","sticky":false,"template":"","format":"standard","meta":[],"categories":[5],"tags":[],"_links":{"self":[{"href":"https:\/\/katrilli.ch\/index.php?rest_route=\/wp\/v2\/posts\/1125"}],"collection":[{"href":"https:\/\/katrilli.ch\/index.php?rest_route=\/wp\/v2\/posts"}],"about":[{"href":"https:\/\/katrilli.ch\/index.php?rest_route=\/wp\/v2\/types\/post"}],"author":[{"embeddable":true,"href":"https:\/\/katrilli.ch\/index.php?rest_route=\/wp\/v2\/users\/2"}],"replies":[{"embeddable":true,"href":"https:\/\/katrilli.ch\/index.php?rest_route=%2Fwp%2Fv2%2Fcomments&post=1125"}],"version-history":[{"count":1,"href":"https:\/\/katrilli.ch\/index.php?rest_route=\/wp\/v2\/posts\/1125\/revisions"}],"predecessor-version":[{"id":1126,"href":"https:\/\/katrilli.ch\/index.php?rest_route=\/wp\/v2\/posts\/1125\/revisions\/1126"}],"wp:attachment":[{"href":"https:\/\/katrilli.ch\/index.php?rest_route=%2Fwp%2Fv2%2Fmedia&parent=1125"}],"wp:term":[{"taxonomy":"category","embeddable":true,"href":"https:\/\/katrilli.ch\/index.php?rest_route=%2Fwp%2Fv2%2Fcategories&post=1125"},{"taxonomy":"post_tag","embeddable":true,"href":"https:\/\/katrilli.ch\/index.php?rest_route=%2Fwp%2Fv2%2Ftags&post=1125"}],"curies":[{"name":"wp","href":"https:\/\/api.w.org\/{rel}","templated":true}]}}