{"id":1172,"date":"2022-12-28T12:43:12","date_gmt":"2022-12-28T11:43:12","guid":{"rendered":"https:\/\/katrilli.ch\/?p=1172"},"modified":"2022-12-28T12:59:34","modified_gmt":"2022-12-28T11:59:34","slug":"jahresbericht-2022","status":"publish","type":"post","link":"https:\/\/katrilli.ch\/?p=1172","title":{"rendered":"Jahresbericht 2022"},"content":{"rendered":"\n<p>Katrilli hat dieses Jahr 28 Mal trainiert. Wir haben uns im Petersschulhaus getroffen und die Tanzleitung hat P\u00e4ivi gemacht.<\/p>\n\n\n\n<p>Ab den Sommerferien tanzten wir nicht mehr in der Aula, sondern im Musikklassenzimmer im unteren Geschoss.Wir hatten 5-7 aktive T\u00e4nzerinnen durch das ganze Jahr.<\/p>\n\n\n\n<p>&nbsp;AKTIVIT\u00c4TEN:&nbsp;&nbsp;<\/p>\n\n\n\n<p>05.02.2022 Auftritt, Hochzeitsfest Risto und Barbara Milani in Silo Basel (5 Personen)<\/p>\n\n\n\n<p>24.08.2022 Teilnahme ESAF Pratteln; der Umzug, der Auftritt und der Tanz der Nationen<\/p>\n\n\n\n<p>(3 Personen Katrilli&nbsp; Basel und 3 Personen Wenlat, Z\u00fcrich)<\/p>\n\n\n\n<p>25.11.2022 Piroggen backen bei Aino (8 Personen)<\/p>\n\n\n\n<p>26.11.2022 Finnischer Weihnachtsmarkt in Basel<\/p>\n\n\n\n<p>Das Jahr 2022 hat fr\u00f6hlich angefangen. Wir haben f\u00fcr die Hochzeitsfest von Risto und Barbara Milani ge\u00fcbt. Dieses Mal wollten wir eher untraditionell auftreten und haben zu dem Lied \u201eLove and Marriage\u201c von Frank Sinatra die Kreistangoschritte angepasst .Das Lied ist bekannt von der Kultserie\u201c eine schrecklich nette Familie\u201c. Wir hatten beim Auftritt keine Trachten an, sondern rote Masken(Corona) vor dem Mund, rote Schal im Hals, auf dem Kopf einen Hut und sonst waren wir schwarz angezogen. Die Stimmung war heiter und das Lied blieb als Ohrwurm noch lange in der Erinnerung.<\/p>\n\n\n\n<p>Es war auch das Jahr des Menuetts und darum haben wir oft u.A. Lappfj\u00e4rds Menuett und den liten Menuett ge\u00fcbt. Vor den Sommerferien konzentrierten wir uns dann intensiv f\u00fcr das ESAF(das eidgen\u00f6ssische \u00c4lpler- und Schwingfest) in Pratteln. Am 26.08.2022 war es so weit. Es fand der Trachtentag mit dem Motto \u201eTracht lacht \u2013Brauchtum verbindet\u201c statt. Insgesamt nahmen 15 Gruppen aus verschiedenen Nationen, die in der Schweiz leben, teil. Die finnischen T\u00e4nzerinnen und T\u00e4nzer waren da die einizigen nordl\u00e4ndischen Teilnehmer. Katrilli hatte Unterst\u00fctzung von der Z\u00fcrcher Gruppe bekommen, leider ist aber ein Tanzpaar in Corona gekrankt und wir m\u00fcssten das B\u00fchnenprogramm am Abend ausschliesslich nur mit zwei Paare durchf\u00fchren. Es ist aber sehr gut gelungen und hat grossen Applaus bekommen. Am Nachmittag war auch noch der einst\u00fcndige Umzug und da konnten die Finnen &nbsp;mitlaufen und mitswitzen \u2013 es war ein br\u00fchig heisser Tag. Der H\u00f6hepunkt am Schluss des Abends war der Tanz der Nationen. Auch an diesen Teil war Katrilli dank Nicole und Risto mit anderen 38 Teilnehmer dabei. Uns hat es sehr gefreut, dass f\u00fcr das Zusammenfassungsvideo(zu sehen auf dem Homepage von der Gemeinde Pratteln) von allen aufgef\u00fchrten T\u00e4nzen hat man den Anfang- und den Schlussteil mit Pajalan Sottiisi gespielt.<\/p>\n\n\n\n<p>Am 26.11.2022 war der allj\u00e4hrliche finnische Weihnachtsmark von der SVFF in Basel. Die Piroggen, die wir am Tag vorher gebacken haben und auch alle andere Leckereien haben wir gut verkaufen k\u00f6nnen. Neu war eine kleine \u00dcberraschung: Wir haben den Letkis mit der Hilfe von der Pes\u00e4pallogruppe &nbsp;Baselin punaset getanzt. \u201eLinks-links-rechts-rechts-vorw\u00e4rts \u2013r\u00fcckw\u00e4rts-vorw\u00e4rts-vorw\u00e4rts-vorw\u00e4rts\u201c. Vielleicht tanzen n\u00e4chstes Jahr auch die Zuschauer mit.<\/p>\n\n\n\n<p>Seit den Herbstferien \u00fcben wir f\u00fcr den Auftritt am 21.01.2023 in Pratteln. Das Fest heisst \u201eWir feiern zusammen* und da sammeln sich wieder verschiedene Nationen in Kuspo um auf der B\u00fchne zu tanzen und auf das Kulinarische zu geniessen.<\/p>\n\n\n\n<p>Ich leite Katrilli jetzt seit 5 Jahre. Die Gruppe ist ein wenig kleiner und \u00e4lter geworden(dieses Jahr ist Asta 80 geworden), aber die Freude am Tanzen ist geblieben. F\u00fcr das bin ich sehr dankbar und das motiviert mich immer wieder am Montagabend nach Basel zu kommen. Ich danke den T\u00e4nzer und allen T\u00e4nzerinnen von Katrilli f\u00fcr die sch\u00f6nen Tanzabende und f\u00fcr die gute Zusammenarbeit und allen diejenigen die irgendeine Weise Katrilli unterst\u00fctzt hatten und w\u00fcnsche allen sch\u00f6ne Weihnachten und ein wunderbares, gesundes t\u00e4nzerisches, neues Jahr.<\/p>\n\n\n\n<p>Liestal anfangs Dezember 2022&nbsp;&nbsp;&nbsp;&nbsp;&nbsp;&nbsp;&nbsp;&nbsp;&nbsp;&nbsp;&nbsp;&nbsp;&nbsp;&nbsp;&nbsp;&nbsp;&nbsp;&nbsp;&nbsp;&nbsp;&nbsp;&nbsp;&nbsp;&nbsp;&nbsp;&nbsp;&nbsp;&nbsp;&nbsp;&nbsp;&nbsp;&nbsp;&nbsp;&nbsp;&nbsp;&nbsp;&nbsp;&nbsp;&nbsp;&nbsp;&nbsp;&nbsp;&nbsp;<\/p>\n\n\n\n<p>&nbsp;P\u00e4ivi Milani, Leiterin Katrilli<\/p>\n\n\n\n<p><a href=\"http:\/\/www.katrilli.ch\">www.katrilli.ch<\/a> oder Telefon 076 463 01 58<\/p>\n","protected":false},"excerpt":{"rendered":"<p>Katrilli hat dieses Jahr 28 Mal trainiert. Wir haben uns im Petersschulhaus getroffen und die Tanzleitung hat P\u00e4ivi gemacht. Ab den Sommerferien tanzten wir nicht mehr in der Aula, sondern im Musikklassenzimmer im unteren Geschoss.Wir hatten 5-7 aktive T\u00e4nzerinnen durch &hellip;<\/p>\n<p class=\"read-more\"> <a class=\"more-link\" href=\"https:\/\/katrilli.ch\/?p=1172\"> <span class=\"screen-reader-text\">Jahresbericht 2022<\/span> Read More &raquo;<\/a><\/p>\n","protected":false},"author":2,"featured_media":1158,"comment_status":"closed","ping_status":"closed","sticky":false,"template":"","format":"standard","meta":[],"categories":[5],"tags":[],"_links":{"self":[{"href":"https:\/\/katrilli.ch\/index.php?rest_route=\/wp\/v2\/posts\/1172"}],"collection":[{"href":"https:\/\/katrilli.ch\/index.php?rest_route=\/wp\/v2\/posts"}],"about":[{"href":"https:\/\/katrilli.ch\/index.php?rest_route=\/wp\/v2\/types\/post"}],"author":[{"embeddable":true,"href":"https:\/\/katrilli.ch\/index.php?rest_route=\/wp\/v2\/users\/2"}],"replies":[{"embeddable":true,"href":"https:\/\/katrilli.ch\/index.php?rest_route=%2Fwp%2Fv2%2Fcomments&post=1172"}],"version-history":[{"count":2,"href":"https:\/\/katrilli.ch\/index.php?rest_route=\/wp\/v2\/posts\/1172\/revisions"}],"predecessor-version":[{"id":1174,"href":"https:\/\/katrilli.ch\/index.php?rest_route=\/wp\/v2\/posts\/1172\/revisions\/1174"}],"wp:featuredmedia":[{"embeddable":true,"href":"https:\/\/katrilli.ch\/index.php?rest_route=\/wp\/v2\/media\/1158"}],"wp:attachment":[{"href":"https:\/\/katrilli.ch\/index.php?rest_route=%2Fwp%2Fv2%2Fmedia&parent=1172"}],"wp:term":[{"taxonomy":"category","embeddable":true,"href":"https:\/\/katrilli.ch\/index.php?rest_route=%2Fwp%2Fv2%2Fcategories&post=1172"},{"taxonomy":"post_tag","embeddable":true,"href":"https:\/\/katrilli.ch\/index.php?rest_route=%2Fwp%2Fv2%2Ftags&post=1172"}],"curies":[{"name":"wp","href":"https:\/\/api.w.org\/{rel}","templated":true}]}}