{"id":1421,"date":"2024-01-10T19:15:50","date_gmt":"2024-01-10T18:15:50","guid":{"rendered":"https:\/\/katrilli.ch\/?p=1421"},"modified":"2024-01-10T20:55:31","modified_gmt":"2024-01-10T19:55:31","slug":"jahresbericht-2023","status":"publish","type":"post","link":"https:\/\/katrilli.ch\/?p=1421","title":{"rendered":"JAHRESBERICHT 2023"},"content":{"rendered":"\n<p>Katrilli hat dieses Jahr 32 Mal trainiert. Wir haben uns im Petersschulhaus, in Basel getroffen und leitet hat uns P\u00e4ivi. Wir hatten 5-8 aktive T\u00e4nzerinnen durch das ganze Jahr und viele Auftritte.<\/p>\n\n\n\n<p><strong>&nbsp;AUFTRITTE:<\/strong>&nbsp;&nbsp;<\/p>\n\n\n\n<p>21.01.2023 Wir feiern zusammen in Kuspo, Pratteln<\/p>\n\n\n\n<p>31.07.2023 Bundesfeier in Pratteln<\/p>\n\n\n\n<p>02.09.2023 Dorffest in Lupsingen<\/p>\n\n\n\n<p>17.09.2023Tag der lebendigen Tradition in Augusta Raurica,<\/p>\n\n\n\n<p>22.10.2023 Heimatabend in Ostermundigen<\/p>\n\n\n\n<p>16.12.2023 Venite, das Internationale Weihnachtsmarkt in Luzern<\/p>\n\n\n\n<p><strong>ANDERE AKTIVIT\u00c4TEN<\/strong>:<\/p>\n\n\n\n<p>19.05.2023 EJCF Europ\u00e4ische Jugendchorfestival in Basel<\/p>\n\n\n\n<p>22.09.2023 NVZ(Nordische Volkstanzgruppe Z\u00fcrich) Jubil\u00e4um in Arenenberg<\/p>\n\n\n\n<p>24.11.2023 Piroggen backen in B\u00e4ttwil<\/p>\n\n\n\n<p>25.11.2023 Finnischer Weihnachtsmarkt von der SVFF in Basel<\/p>\n\n\n\n<p>11.12.2023 Weihnachtsfest von Katrilli<\/p>\n\n\n\n<p>Das Jahr 2023 war sehr aktiv f\u00fcr unsere Gruppe. Schon am 21. Januar haben wir unseren ersten Auftritt in Kuspo (Kunst und Sport) Pratteln gehabt. Wir waren nur 2 Paare und Ruth Aukia von Wenlat tanzte mit. Der Tamilische Verein hat diesen Anlass organisiert. Man konnte die T\u00e4nze von verschiedenen Nationen zuschauen und auch kulinarisch fand man eine grosse Auswahl K\u00f6stlichkeiten von den verschiedenen L\u00e4ndern da. Am Anfang des Programms traten mehrere Kindergruppen auf. Es war herzig, aber dauerte ein bisschen zu lang. Sp\u00e4ter, zwischen den feurigen kroatischen und spanischen T\u00e4nzen, tanzten unsere eher langsamen T\u00e4nze sozusagen aus der Reihe.<\/p>\n\n\n\n<p>W\u00e4hrend der Auffahrt im Mai fand das Jugendchorfestival in Basel statt. Aus Finnland war der Vaskivuori-Chor angereist. Am 18.05.2023 hatte der finnische Chor ein Konzert in der Stadtcasino. Die Jugendlichen von des Vaskivuori-Gymnasiums waren in Trachten gekleidet und das Hans Huber Saal war total ausgebucht. Wir von der Tanzgruppe haben nach dem erfolgreichen Konzert \u201eKorvapuusti\u201c offeriert zusammen mit Suomi-koulu und Baselin punaset. Mit dieser Aktion konnten wir das Interesse f\u00fcr die SVFF unten den vielen Besuchern wecken.<\/p>\n\n\n\n<p>F\u00fcr die Bundesfeier im Pratteln hat ein T\u00e4nzer von Katrilli teilgenommen. Und um ehrlich zu sein, ohne ihm h\u00e4tte man das Programm gar nicht durchf\u00fchren k\u00f6nnen. Da hat man den Tanz der Nationen mit 8 Personen getanzt. Der Tanz ist mit viel Applaus bedankt worden.<\/p>\n\n\n\n<p>Ganz grossartig war der Auftritt in Lupsinger Dorffest am 02.09.2023. Wir haben uns zusammen mit Wenlat getan und konnten mit 5 Paar auftreten. Der Auftritt auf der Dorfb\u00fchne mit viel Sonnenschein war ein Erlebnis f\u00fcr uns alle. Es hatte super geklappt, obwohl wir nur 2 Male mit Wenlat \u00fcben konnten. Wir wurden von 2 Gastt\u00e4nzerinnen aus Finnland unterst\u00fctzt, die wegen unseres Auftritts extra in die Schweiz geflogen sind. Die Lupsinger feierten ihren Dorffest 3 Tage lang. Aus gutem Grund; das letzte Mal wurde vor ca 50 Jahren gefeiert.<\/p>\n\n\n\n<p>Der B\u00e4ndelitanz am 17.09.2023 in Kaiseraugst, mit der Leitung von Sarah Berger aus Gelterkinden, vor 200-k\u00f6pfigen Publikum, war der n\u00e4chste Auftritt. \u201cDie Urauff\u00fchrung des B\u00e4ndelitanzes bildete den kr\u00f6nenden Abschluss am Tag der lebendigen Traditionen.\u201c Heisst es im Pratteler Anzeiger. Es war auch ein Weltrekord, weil noch nie wurde so ein B\u00e4ndelitanz um einen zw\u00f6lf Meter hohen Baum aufgef\u00fchrt .Es nahmen 32 Personen an diesem Tanz teil, 2 davon waren von der Katrilli. Es wurde t\u00e4nzerisch ein sch\u00f6nes Muster mit den B\u00e4ndelis gewoben. Jede T\u00e4nzer hatte ein B\u00e4ndeli in der Hand; die Frauen weisse und die M\u00e4nner rote B\u00e4ndeli. Am Schluss wurden die B\u00e4ndelienden am B\u00fchnenboden befestigt.<\/p>\n\n\n\n<p>22.09.2023 waren wir in Arenenberg am Bodensee und haben zusammen mit NVZ gefeiert. Die 35 J\u00e4hrige Jubil\u00e4um war herzlich. Zum Programm geh\u00f6rte ein Museumsbesuch, da in Arenenberg das Napoleon-Museum sich befindet. Nach dem relativ fr\u00fchen Nachtessen gab es den ganzen Abend Tanz, bis die Beine nicht mehr mitmachten. Das abwechslungsreiche Abendprogramm zu live Musik wurde von Birger Tiberg, den Tanzleiter von NVZ, geleitet.<\/p>\n\n\n\n<p>Am 22.10.2023 d\u00fcrften wir in Ostermundigen an den Heimat Abend auftreten. Wieder haben wir Unterst\u00fctzung von den Wenlat gehabt. Die Vorf\u00fchrungen mit drei Paare begeisterten das Publikum. Am Schluss haben wir noch den Familienwalzer mit den Zuschauern getanzt. Die Auftritte von der Ostermundiger Trachtengruppe und Chor, die zwischen unserer Auftritte stattfanden, k\u00f6nnten auch wir geniessen. Die Ostermundiger Trachtengruppe hatte im Sommer 2023 eine Reise nach Finnland gemacht. Sie haben Kaustinen (da findet j\u00e4hrlich ein Volkstanzfestival statt) besucht, aber auch andere Teile Finnlands und waren begeistert von Finnland und finnischen Volkstanz. Darum haben sie uns als Gast zu ihren Heimatabend eingeladen. Zur unseren Tanzauftritt haben wir viele Komplimente vom Publikum bekommen. Und die ostermundiger T\u00e4nzerinnen haben uns gerne von ihren Erlebnissen in Finnland erz\u00e4hlt. Dieser Anlass war lebendiger Kulturaustausch pur.&nbsp;<\/p>\n\n\n\n<p>Am 24.11.2023 haben wir wieder viele Piroggen bei Aino zu Hause gebacken. Dabei waren auch einige ehemalige Mitglieder von Katrilli .Es war ein langer Tag und am 25.11.2023 an der Weihnachtsmarkt von der SVFF Gruppe Basel konnten wir viele Piroggen, Korvapuusti, Joulutorttu, Piparkakku, Lanttu- und Porkkanalaatikko gut verkaufen.<\/p>\n\n\n\n<p>Am 11.12.2023 feierten wir Weihnachten unten aktiven Katrilli-Mitgliedern. Basel in der Weihnachtsbeleuchtung war wundersch\u00f6n.<\/p>\n\n\n\n<p>Der letzte Auftritt war am 16.12.2023 in Venite Luzern. Da waren wir zu dritt von Katrilli mit dabei um Wenlat zu unterst\u00fctzen. Es war kalt und die B\u00fchne war draussen. Leider war die B\u00fchne dieses Jahr ziemlich klein. Trotzdem haben wir es gut gemeistert zu tanzen auch wenn es ab und zu ein bisschen eng und rutschig war .Zum Schluss tanzten wir den Kreistango und Familienwalzer zusammen mit dem Publikum vor der B\u00fchne.<\/p>\n\n\n\n<p>Seit der Pandemie war dieses Jahr wohl der aktivste. Es ist immer sch\u00f6n zusammen mit Wenlat aufzutreten. Von zwei kleinen Gruppen gibt es zusammen eine grosse Gruppe und das ist sch\u00f6n. Somit haben wir auch mehr M\u00f6glichkeiten bei der Tanzauswahl.<\/p>\n\n\n\n<p>Zum Schluss m\u00f6chte ich noch allen aktiven Katrilli-Mitgliedern f\u00fcr ihre Treue und das regelm\u00e4ssige Erscheinen ans Training herzlich bedanken. Mein Dank geht auch an allen anderen, die Katrilli auf irgendeiner Weise w\u00e4hrend dieses Jahres unterst\u00fctzt haben.<\/p>\n\n\n\n<p>Im Dezember 2023 in Liestal<\/p>\n\n\n\n<p>P\u00e4ivi Milani, Leiterin der Finnischen Volkstanzgruppe Katrilli in Basel<\/p>\n\n\n\n<p>Bilder durch das Jahr 2023<\/p>\n\n\n\n<figure class=\"wp-block-image size-full\"><img decoding=\"async\" loading=\"lazy\" width=\"1024\" height=\"439\" src=\"https:\/\/katrilli.ch\/wp-content\/uploads\/2024\/01\/Kuspo-21Januar-2023.jpg\" alt=\"\" class=\"wp-image-1428\" srcset=\"https:\/\/katrilli.ch\/wp-content\/uploads\/2024\/01\/Kuspo-21Januar-2023.jpg 1024w, https:\/\/katrilli.ch\/wp-content\/uploads\/2024\/01\/Kuspo-21Januar-2023-300x129.jpg 300w, https:\/\/katrilli.ch\/wp-content\/uploads\/2024\/01\/Kuspo-21Januar-2023-768x329.jpg 768w, https:\/\/katrilli.ch\/wp-content\/uploads\/2024\/01\/Kuspo-21Januar-2023-100x43.jpg 100w, https:\/\/katrilli.ch\/wp-content\/uploads\/2024\/01\/Kuspo-21Januar-2023-150x64.jpg 150w, https:\/\/katrilli.ch\/wp-content\/uploads\/2024\/01\/Kuspo-21Januar-2023-200x86.jpg 200w, https:\/\/katrilli.ch\/wp-content\/uploads\/2024\/01\/Kuspo-21Januar-2023-450x193.jpg 450w, https:\/\/katrilli.ch\/wp-content\/uploads\/2024\/01\/Kuspo-21Januar-2023-600x257.jpg 600w, https:\/\/katrilli.ch\/wp-content\/uploads\/2024\/01\/Kuspo-21Januar-2023-900x386.jpg 900w\" sizes=\"(max-width: 1024px) 100vw, 1024px\" \/><\/figure>\n\n\n\n<figure class=\"wp-block-image size-large\"><img decoding=\"async\" loading=\"lazy\" width=\"1024\" height=\"461\" src=\"https:\/\/katrilli.ch\/wp-content\/uploads\/2024\/01\/1.August-feier-in-Pratteln-2023-1024x461.jpg\" alt=\"\" class=\"wp-image-1429\" srcset=\"https:\/\/katrilli.ch\/wp-content\/uploads\/2024\/01\/1.August-feier-in-Pratteln-2023-1024x461.jpg 1024w, https:\/\/katrilli.ch\/wp-content\/uploads\/2024\/01\/1.August-feier-in-Pratteln-2023-300x135.jpg 300w, https:\/\/katrilli.ch\/wp-content\/uploads\/2024\/01\/1.August-feier-in-Pratteln-2023-768x346.jpg 768w, https:\/\/katrilli.ch\/wp-content\/uploads\/2024\/01\/1.August-feier-in-Pratteln-2023-1536x692.jpg 1536w, https:\/\/katrilli.ch\/wp-content\/uploads\/2024\/01\/1.August-feier-in-Pratteln-2023-100x45.jpg 100w, https:\/\/katrilli.ch\/wp-content\/uploads\/2024\/01\/1.August-feier-in-Pratteln-2023-150x68.jpg 150w, https:\/\/katrilli.ch\/wp-content\/uploads\/2024\/01\/1.August-feier-in-Pratteln-2023-200x90.jpg 200w, https:\/\/katrilli.ch\/wp-content\/uploads\/2024\/01\/1.August-feier-in-Pratteln-2023-450x203.jpg 450w, https:\/\/katrilli.ch\/wp-content\/uploads\/2024\/01\/1.August-feier-in-Pratteln-2023-600x270.jpg 600w, https:\/\/katrilli.ch\/wp-content\/uploads\/2024\/01\/1.August-feier-in-Pratteln-2023-900x405.jpg 900w, https:\/\/katrilli.ch\/wp-content\/uploads\/2024\/01\/1.August-feier-in-Pratteln-2023.jpg 2016w\" sizes=\"(max-width: 1024px) 100vw, 1024px\" \/><\/figure>\n\n\n\n<figure class=\"wp-block-image size-full is-resized\"><img decoding=\"async\" loading=\"lazy\" src=\"https:\/\/katrilli.ch\/wp-content\/uploads\/2024\/01\/Lupsiber-Dorffest-2-September-2023-1.jpeg\" alt=\"\" class=\"wp-image-1431\" width=\"675\" height=\"268\" srcset=\"https:\/\/katrilli.ch\/wp-content\/uploads\/2024\/01\/Lupsiber-Dorffest-2-September-2023-1.jpeg 640w, https:\/\/katrilli.ch\/wp-content\/uploads\/2024\/01\/Lupsiber-Dorffest-2-September-2023-1-300x119.jpeg 300w, https:\/\/katrilli.ch\/wp-content\/uploads\/2024\/01\/Lupsiber-Dorffest-2-September-2023-1-100x40.jpeg 100w, https:\/\/katrilli.ch\/wp-content\/uploads\/2024\/01\/Lupsiber-Dorffest-2-September-2023-1-150x60.jpeg 150w, https:\/\/katrilli.ch\/wp-content\/uploads\/2024\/01\/Lupsiber-Dorffest-2-September-2023-1-200x79.jpeg 200w, https:\/\/katrilli.ch\/wp-content\/uploads\/2024\/01\/Lupsiber-Dorffest-2-September-2023-1-450x179.jpeg 450w, https:\/\/katrilli.ch\/wp-content\/uploads\/2024\/01\/Lupsiber-Dorffest-2-September-2023-1-600x238.jpeg 600w\" sizes=\"(max-width: 675px) 100vw, 675px\" \/><\/figure>\n\n\n\n<figure class=\"wp-block-image size-large\"><img decoding=\"async\" loading=\"lazy\" width=\"1024\" height=\"568\" src=\"https:\/\/katrilli.ch\/wp-content\/uploads\/2024\/01\/venite-Luzern-2023-1024x568.jpg\" alt=\"\" class=\"wp-image-1432\" srcset=\"https:\/\/katrilli.ch\/wp-content\/uploads\/2024\/01\/venite-Luzern-2023-1024x568.jpg 1024w, https:\/\/katrilli.ch\/wp-content\/uploads\/2024\/01\/venite-Luzern-2023-300x166.jpg 300w, https:\/\/katrilli.ch\/wp-content\/uploads\/2024\/01\/venite-Luzern-2023-768x426.jpg 768w, https:\/\/katrilli.ch\/wp-content\/uploads\/2024\/01\/venite-Luzern-2023-100x55.jpg 100w, https:\/\/katrilli.ch\/wp-content\/uploads\/2024\/01\/venite-Luzern-2023-150x83.jpg 150w, https:\/\/katrilli.ch\/wp-content\/uploads\/2024\/01\/venite-Luzern-2023-200x111.jpg 200w, https:\/\/katrilli.ch\/wp-content\/uploads\/2024\/01\/venite-Luzern-2023-450x250.jpg 450w, https:\/\/katrilli.ch\/wp-content\/uploads\/2024\/01\/venite-Luzern-2023-600x333.jpg 600w, https:\/\/katrilli.ch\/wp-content\/uploads\/2024\/01\/venite-Luzern-2023-900x499.jpg 900w, https:\/\/katrilli.ch\/wp-content\/uploads\/2024\/01\/venite-Luzern-2023.jpg 1080w\" sizes=\"(max-width: 1024px) 100vw, 1024px\" \/><\/figure>\n\n\n\n<figure class=\"wp-block-image size-large\"><img decoding=\"async\" loading=\"lazy\" width=\"1024\" height=\"768\" src=\"https:\/\/katrilli.ch\/wp-content\/uploads\/2024\/01\/Arenenberg-22-September-2023-1024x768.jpg\" alt=\"\" class=\"wp-image-1439\" srcset=\"https:\/\/katrilli.ch\/wp-content\/uploads\/2024\/01\/Arenenberg-22-September-2023-1024x768.jpg 1024w, https:\/\/katrilli.ch\/wp-content\/uploads\/2024\/01\/Arenenberg-22-September-2023-300x225.jpg 300w, https:\/\/katrilli.ch\/wp-content\/uploads\/2024\/01\/Arenenberg-22-September-2023-768x576.jpg 768w, https:\/\/katrilli.ch\/wp-content\/uploads\/2024\/01\/Arenenberg-22-September-2023-1536x1152.jpg 1536w, https:\/\/katrilli.ch\/wp-content\/uploads\/2024\/01\/Arenenberg-22-September-2023-100x75.jpg 100w, https:\/\/katrilli.ch\/wp-content\/uploads\/2024\/01\/Arenenberg-22-September-2023-150x113.jpg 150w, https:\/\/katrilli.ch\/wp-content\/uploads\/2024\/01\/Arenenberg-22-September-2023-200x150.jpg 200w, https:\/\/katrilli.ch\/wp-content\/uploads\/2024\/01\/Arenenberg-22-September-2023-450x338.jpg 450w, https:\/\/katrilli.ch\/wp-content\/uploads\/2024\/01\/Arenenberg-22-September-2023-600x450.jpg 600w, https:\/\/katrilli.ch\/wp-content\/uploads\/2024\/01\/Arenenberg-22-September-2023-900x675.jpg 900w, https:\/\/katrilli.ch\/wp-content\/uploads\/2024\/01\/Arenenberg-22-September-2023.jpg 1600w\" sizes=\"(max-width: 1024px) 100vw, 1024px\" \/><\/figure>\n\n\n\n<figure class=\"wp-block-image\"><img alt=\"\"\/><\/figure>\n","protected":false},"excerpt":{"rendered":"<p>Katrilli hat dieses Jahr 32 Mal trainiert. Wir haben uns im Petersschulhaus, in Basel getroffen und leitet hat uns P\u00e4ivi. Wir hatten 5-8 aktive T\u00e4nzerinnen durch das ganze Jahr und viele Auftritte. &nbsp;AUFTRITTE:&nbsp;&nbsp; 21.01.2023 Wir feiern zusammen in Kuspo, Pratteln &hellip;<\/p>\n<p class=\"read-more\"> <a class=\"more-link\" href=\"https:\/\/katrilli.ch\/?p=1421\"> <span class=\"screen-reader-text\">JAHRESBERICHT 2023<\/span> Read More &raquo;<\/a><\/p>\n","protected":false},"author":2,"featured_media":0,"comment_status":"closed","ping_status":"closed","sticky":false,"template":"","format":"standard","meta":[],"categories":[16,5],"tags":[],"_links":{"self":[{"href":"https:\/\/katrilli.ch\/index.php?rest_route=\/wp\/v2\/posts\/1421"}],"collection":[{"href":"https:\/\/katrilli.ch\/index.php?rest_route=\/wp\/v2\/posts"}],"about":[{"href":"https:\/\/katrilli.ch\/index.php?rest_route=\/wp\/v2\/types\/post"}],"author":[{"embeddable":true,"href":"https:\/\/katrilli.ch\/index.php?rest_route=\/wp\/v2\/users\/2"}],"replies":[{"embeddable":true,"href":"https:\/\/katrilli.ch\/index.php?rest_route=%2Fwp%2Fv2%2Fcomments&post=1421"}],"version-history":[{"count":4,"href":"https:\/\/katrilli.ch\/index.php?rest_route=\/wp\/v2\/posts\/1421\/revisions"}],"predecessor-version":[{"id":1440,"href":"https:\/\/katrilli.ch\/index.php?rest_route=\/wp\/v2\/posts\/1421\/revisions\/1440"}],"wp:attachment":[{"href":"https:\/\/katrilli.ch\/index.php?rest_route=%2Fwp%2Fv2%2Fmedia&parent=1421"}],"wp:term":[{"taxonomy":"category","embeddable":true,"href":"https:\/\/katrilli.ch\/index.php?rest_route=%2Fwp%2Fv2%2Fcategories&post=1421"},{"taxonomy":"post_tag","embeddable":true,"href":"https:\/\/katrilli.ch\/index.php?rest_route=%2Fwp%2Fv2%2Ftags&post=1421"}],"curies":[{"name":"wp","href":"https:\/\/api.w.org\/{rel}","templated":true}]}}