{"id":1451,"date":"2024-01-13T14:03:50","date_gmt":"2024-01-13T13:03:50","guid":{"rendered":"https:\/\/katrilli.ch\/?p=1451"},"modified":"2024-01-13T14:03:51","modified_gmt":"2024-01-13T13:03:51","slug":"dorffest-lupsingen-am-02-09-2023","status":"publish","type":"post","link":"https:\/\/katrilli.ch\/?p=1451","title":{"rendered":"Dorffest Lupsingen am 02.09.2023"},"content":{"rendered":"\n<p>In Lupsingen wurde wieder nach ca 50 Jahren ein Dorffest organisiert. Katrilli mit der Unterst\u00fctzung von Wenlat konnte mit 5 Paare auftreten .Bei sonnigen Wetter draussen auf der Dorfb\u00fchne wurde eine abwechslungsreiche Tanzprogramm durchgef\u00fchrt.Nach einer langen Corona-Pause und mit so einer grossen Gruppe machte es richtig Spass wieder einmal vor einem Publikum tanzen zu k\u00f6nnen.<\/p>\n","protected":false},"excerpt":{"rendered":"<p>In Lupsingen wurde wieder nach ca 50 Jahren ein Dorffest organisiert. Katrilli mit der Unterst\u00fctzung von Wenlat konnte mit 5 Paare auftreten .Bei sonnigen Wetter draussen auf der Dorfb\u00fchne wurde eine abwechslungsreiche Tanzprogramm durchgef\u00fchrt.Nach einer langen Corona-Pause und mit so &hellip;<\/p>\n<p class=\"read-more\"> <a class=\"more-link\" href=\"https:\/\/katrilli.ch\/?p=1451\"> <span class=\"screen-reader-text\">Dorffest Lupsingen am 02.09.2023<\/span> Read More &raquo;<\/a><\/p>\n","protected":false},"author":2,"featured_media":0,"comment_status":"closed","ping_status":"closed","sticky":false,"template":"","format":"standard","meta":[],"categories":[15,16],"tags":[],"_links":{"self":[{"href":"https:\/\/katrilli.ch\/index.php?rest_route=\/wp\/v2\/posts\/1451"}],"collection":[{"href":"https:\/\/katrilli.ch\/index.php?rest_route=\/wp\/v2\/posts"}],"about":[{"href":"https:\/\/katrilli.ch\/index.php?rest_route=\/wp\/v2\/types\/post"}],"author":[{"embeddable":true,"href":"https:\/\/katrilli.ch\/index.php?rest_route=\/wp\/v2\/users\/2"}],"replies":[{"embeddable":true,"href":"https:\/\/katrilli.ch\/index.php?rest_route=%2Fwp%2Fv2%2Fcomments&post=1451"}],"version-history":[{"count":1,"href":"https:\/\/katrilli.ch\/index.php?rest_route=\/wp\/v2\/posts\/1451\/revisions"}],"predecessor-version":[{"id":1452,"href":"https:\/\/katrilli.ch\/index.php?rest_route=\/wp\/v2\/posts\/1451\/revisions\/1452"}],"wp:attachment":[{"href":"https:\/\/katrilli.ch\/index.php?rest_route=%2Fwp%2Fv2%2Fmedia&parent=1451"}],"wp:term":[{"taxonomy":"category","embeddable":true,"href":"https:\/\/katrilli.ch\/index.php?rest_route=%2Fwp%2Fv2%2Fcategories&post=1451"},{"taxonomy":"post_tag","embeddable":true,"href":"https:\/\/katrilli.ch\/index.php?rest_route=%2Fwp%2Fv2%2Ftags&post=1451"}],"curies":[{"name":"wp","href":"https:\/\/api.w.org\/{rel}","templated":true}]}}