{"id":1469,"date":"2024-01-13T14:42:18","date_gmt":"2024-01-13T13:42:18","guid":{"rendered":"https:\/\/katrilli.ch\/?p=1469"},"modified":"2024-01-13T14:42:19","modified_gmt":"2024-01-13T13:42:19","slug":"venite-in-luzern-16-12-2023","status":"publish","type":"post","link":"https:\/\/katrilli.ch\/?p=1469","title":{"rendered":"Venite in Luzern 16.12.2023"},"content":{"rendered":"\n<p>Venite oder der internationale Weihnachtsmarkt in Luzern war unsere letzte Auftritt im Jahr 2023. Mit drei Personen konnten wir Wenlat unterst\u00fctzen. Es herschten richtig finnische Verh\u00e4ltnisse dort. Es war winterlich , kalt und die B\u00fchne stand draussen.Viele Leute bleiben stehen und haben unseren Auftritt genossen, Das Publikum d\u00fcrfte nachher zusammen mit uns, zwei T\u00e4nze tanzen. Nach dem Tanzen waren wir schon sehr froh um dem heissen &#8222;Gl\u00f6gi&#8220; an den finnischen Marktstand.<\/p>\n","protected":false},"excerpt":{"rendered":"<p>Venite oder der internationale Weihnachtsmarkt in Luzern war unsere letzte Auftritt im Jahr 2023. Mit drei Personen konnten wir Wenlat unterst\u00fctzen. Es herschten richtig finnische Verh\u00e4ltnisse dort. Es war winterlich , kalt und die B\u00fchne stand draussen.Viele Leute bleiben stehen &hellip;<\/p>\n<p class=\"read-more\"> <a class=\"more-link\" href=\"https:\/\/katrilli.ch\/?p=1469\"> <span class=\"screen-reader-text\">Venite in Luzern 16.12.2023<\/span> Read More &raquo;<\/a><\/p>\n","protected":false},"author":2,"featured_media":0,"comment_status":"closed","ping_status":"closed","sticky":false,"template":"","format":"standard","meta":[],"categories":[15,16],"tags":[],"_links":{"self":[{"href":"https:\/\/katrilli.ch\/index.php?rest_route=\/wp\/v2\/posts\/1469"}],"collection":[{"href":"https:\/\/katrilli.ch\/index.php?rest_route=\/wp\/v2\/posts"}],"about":[{"href":"https:\/\/katrilli.ch\/index.php?rest_route=\/wp\/v2\/types\/post"}],"author":[{"embeddable":true,"href":"https:\/\/katrilli.ch\/index.php?rest_route=\/wp\/v2\/users\/2"}],"replies":[{"embeddable":true,"href":"https:\/\/katrilli.ch\/index.php?rest_route=%2Fwp%2Fv2%2Fcomments&post=1469"}],"version-history":[{"count":1,"href":"https:\/\/katrilli.ch\/index.php?rest_route=\/wp\/v2\/posts\/1469\/revisions"}],"predecessor-version":[{"id":1470,"href":"https:\/\/katrilli.ch\/index.php?rest_route=\/wp\/v2\/posts\/1469\/revisions\/1470"}],"wp:attachment":[{"href":"https:\/\/katrilli.ch\/index.php?rest_route=%2Fwp%2Fv2%2Fmedia&parent=1469"}],"wp:term":[{"taxonomy":"category","embeddable":true,"href":"https:\/\/katrilli.ch\/index.php?rest_route=%2Fwp%2Fv2%2Fcategories&post=1469"},{"taxonomy":"post_tag","embeddable":true,"href":"https:\/\/katrilli.ch\/index.php?rest_route=%2Fwp%2Fv2%2Ftags&post=1469"}],"curies":[{"name":"wp","href":"https:\/\/api.w.org\/{rel}","templated":true}]}}