{"id":347,"date":"2018-06-11T12:47:47","date_gmt":"2018-06-11T11:47:47","guid":{"rendered":"https:\/\/katrilli.ch\/?p=347"},"modified":"2018-07-13T21:57:37","modified_gmt":"2018-07-13T20:57:37","slug":"foodfestival-am-09-06-2018-in-basel","status":"publish","type":"post","link":"https:\/\/katrilli.ch\/?p=347","title":{"rendered":"Foodfestival am 09.06.2018 in Basel"},"content":{"rendered":"<p>An diesem sch\u00f6nen sonnigen Tag haben wir f\u00fcnf Katrillis und eine Wenla auf der Claramatte getanzt. Unsere Auftritt im Pavillion war als erste in der Reihe und nach kleinen Schwierigkeiten mit der Musikanlage haben wir Juustopolska-Potpourri aus Mittel-Finnland, Pajalan sottiisi aus Nordbottnien, aus Kauhajoki Gegend sowie zwei karelische T\u00e4nze; Karjalan Katrilli und Seni getanzt.<br \/>\nZiemlich schnell haben wir unsere Trachten aus warmen wolligen Stoff umgezogen und haben noch am Kaffeestand von unseren Finnischen Vereinigung geholfen. Der Anlass dauerte bis zu der D\u00e4mmerung und es war lustig und gem\u00fctlich. Wir haben auch noch M\u00f6lkky gespielt.<\/p>\n","protected":false},"excerpt":{"rendered":"<p>An diesem sch\u00f6nen sonnigen Tag haben wir f\u00fcnf Katrillis und eine Wenla auf der Claramatte getanzt. Unsere Auftritt im Pavillion war als erste in der Reihe und nach kleinen Schwierigkeiten mit der Musikanlage haben wir Juustopolska-Potpourri aus Mittel-Finnland, Pajalan sottiisi &hellip;<\/p>\n<p class=\"read-more\"> <a class=\"more-link\" href=\"https:\/\/katrilli.ch\/?p=347\"> <span class=\"screen-reader-text\">Foodfestival am 09.06.2018 in Basel<\/span> Read More &raquo;<\/a><\/p>\n","protected":false},"author":2,"featured_media":359,"comment_status":"closed","ping_status":"closed","sticky":false,"template":"","format":"standard","meta":[],"categories":[15,16],"tags":[],"_links":{"self":[{"href":"https:\/\/katrilli.ch\/index.php?rest_route=\/wp\/v2\/posts\/347"}],"collection":[{"href":"https:\/\/katrilli.ch\/index.php?rest_route=\/wp\/v2\/posts"}],"about":[{"href":"https:\/\/katrilli.ch\/index.php?rest_route=\/wp\/v2\/types\/post"}],"author":[{"embeddable":true,"href":"https:\/\/katrilli.ch\/index.php?rest_route=\/wp\/v2\/users\/2"}],"replies":[{"embeddable":true,"href":"https:\/\/katrilli.ch\/index.php?rest_route=%2Fwp%2Fv2%2Fcomments&post=347"}],"version-history":[{"count":5,"href":"https:\/\/katrilli.ch\/index.php?rest_route=\/wp\/v2\/posts\/347\/revisions"}],"predecessor-version":[{"id":358,"href":"https:\/\/katrilli.ch\/index.php?rest_route=\/wp\/v2\/posts\/347\/revisions\/358"}],"wp:featuredmedia":[{"embeddable":true,"href":"https:\/\/katrilli.ch\/index.php?rest_route=\/wp\/v2\/media\/359"}],"wp:attachment":[{"href":"https:\/\/katrilli.ch\/index.php?rest_route=%2Fwp%2Fv2%2Fmedia&parent=347"}],"wp:term":[{"taxonomy":"category","embeddable":true,"href":"https:\/\/katrilli.ch\/index.php?rest_route=%2Fwp%2Fv2%2Fcategories&post=347"},{"taxonomy":"post_tag","embeddable":true,"href":"https:\/\/katrilli.ch\/index.php?rest_route=%2Fwp%2Fv2%2Ftags&post=347"}],"curies":[{"name":"wp","href":"https:\/\/api.w.org\/{rel}","templated":true}]}}