{"id":718,"date":"2019-09-12T20:12:24","date_gmt":"2019-09-12T19:12:24","guid":{"rendered":"https:\/\/katrilli.ch\/?p=718"},"modified":"2019-09-12T20:12:24","modified_gmt":"2019-09-12T19:12:24","slug":"stadtfest-liestal-06-08-09-2019","status":"publish","type":"post","link":"https:\/\/katrilli.ch\/?p=718","title":{"rendered":"Stadtfest Liestal 06.-08.09.2019"},"content":{"rendered":"<p>Nach einem langen intensiven Planen war es am 06.-08.09.2019 endlich so weit; das Stadtfest von Liestal fand statt. W\u00e4hrend drei Tagen konnte man verschiedene Darbietungen anschauen, gute Konzerte geniessen, viele Spezialit\u00e4ten essen und vor allem staunen. Sehr spektakul\u00e4r war unter anderem der Lichtshow, der liestals Tor zum Leben erweckte.<\/p>\n<p>Katrilli&#8217;s Auftritt war am Sonntag, den 07.09. Beim wunderbaren Sonnenschein haben wir 8 kleine T\u00e4nze aus unserer Repertoire auf der Zeughausb\u00fchne vorgef\u00fchrt.(Seni, Kauhajoen Katrilli,Lappakatrilli,Samuli Purainen,Korte Maija, Markka, Kikari und Pajalan Sottiisi. Es waren T\u00e4nze aus verschiedenen Regionen Finnlands. Mit unseren bunten Trachten brachten wir einen fr\u00f6hlichen Anblick f\u00fcr die Zuschauer. Die Stimmung im Festort war gut und das Publikum war begeistert. Nachher gab es noch eine kleine Zugabe am Integra-Stand.<\/p>\n","protected":false},"excerpt":{"rendered":"<p>Nach einem langen intensiven Planen war es am 06.-08.09.2019 endlich so weit; das Stadtfest von Liestal fand statt. W\u00e4hrend drei Tagen konnte man verschiedene Darbietungen anschauen, gute Konzerte geniessen, viele Spezialit\u00e4ten essen und vor allem staunen. Sehr spektakul\u00e4r war unter &hellip;<\/p>\n<p class=\"read-more\"> <a class=\"more-link\" href=\"https:\/\/katrilli.ch\/?p=718\"> <span class=\"screen-reader-text\">Stadtfest Liestal 06.-08.09.2019<\/span> Read More &raquo;<\/a><\/p>\n","protected":false},"author":2,"featured_media":0,"comment_status":"closed","ping_status":"closed","sticky":false,"template":"","format":"standard","meta":[],"categories":[15,16],"tags":[],"_links":{"self":[{"href":"https:\/\/katrilli.ch\/index.php?rest_route=\/wp\/v2\/posts\/718"}],"collection":[{"href":"https:\/\/katrilli.ch\/index.php?rest_route=\/wp\/v2\/posts"}],"about":[{"href":"https:\/\/katrilli.ch\/index.php?rest_route=\/wp\/v2\/types\/post"}],"author":[{"embeddable":true,"href":"https:\/\/katrilli.ch\/index.php?rest_route=\/wp\/v2\/users\/2"}],"replies":[{"embeddable":true,"href":"https:\/\/katrilli.ch\/index.php?rest_route=%2Fwp%2Fv2%2Fcomments&post=718"}],"version-history":[{"count":1,"href":"https:\/\/katrilli.ch\/index.php?rest_route=\/wp\/v2\/posts\/718\/revisions"}],"predecessor-version":[{"id":719,"href":"https:\/\/katrilli.ch\/index.php?rest_route=\/wp\/v2\/posts\/718\/revisions\/719"}],"wp:attachment":[{"href":"https:\/\/katrilli.ch\/index.php?rest_route=%2Fwp%2Fv2%2Fmedia&parent=718"}],"wp:term":[{"taxonomy":"category","embeddable":true,"href":"https:\/\/katrilli.ch\/index.php?rest_route=%2Fwp%2Fv2%2Fcategories&post=718"},{"taxonomy":"post_tag","embeddable":true,"href":"https:\/\/katrilli.ch\/index.php?rest_route=%2Fwp%2Fv2%2Ftags&post=718"}],"curies":[{"name":"wp","href":"https:\/\/api.w.org\/{rel}","templated":true}]}}