{"id":801,"date":"2020-01-29T22:15:54","date_gmt":"2020-01-29T21:15:54","guid":{"rendered":"https:\/\/katrilli.ch\/?p=801"},"modified":"2020-01-29T22:42:13","modified_gmt":"2020-01-29T21:42:13","slug":"jahresbericht-2019","status":"publish","type":"post","link":"https:\/\/katrilli.ch\/?p=801","title":{"rendered":"Jahresbericht 2019"},"content":{"rendered":"<p>KATRILLI &#8211; JAHRESBERICHT 2019<\/p>\n<p>Katrilli hat im Jahr 2019 31 Mal Volkstanz ge\u00fcbt. Lavatanssit gab es nur noch 5 Mal. Die Mitgliederzahl ist von 13 auf 14 gestiegen, wir heissen Anne Rongy herzlich willkommen in unserer Gruppe.<br \/>\nAuftritte:<br \/>\n30.04.2019 Vappufest in Allschwil<br \/>\n7.9.2019 Liestaler Stadtfest<br \/>\nAndere Aktivit\u00e4ten:<br \/>\n15.03.2019 Sitzung mit der Tanzdelegierten in Liestal<br \/>\n13-14-04.2019 Volkstanzkurs in Z\u00fcrich mit Leena \u201eLennu\u201c Yl\u00e4neva<br \/>\n30.06.-05.07.2019 Tanzwoche in Joensuu<br \/>\n09.-10.11.2019 Schwedische T\u00e4nze in Flawil (NVZ)<br \/>\n15.11.2019 Geburtstag P\u00e4ivi in Bubendorf<br \/>\n29.11.2019 Piroggen Backen bei Aino in B\u00e4ttwil<br \/>\n30.11.2019 Weihnachtsmarkt der SVFF Gruppe Basel in Basel<br \/>\n09.12.2019 Weihnachtsfest der Katrilli im Petersschulhaus in Basel<br \/>\nIm Jahr 2019 hat Katrilli noch 5 Mal Lavatanssit organisiert aber wegen Mangel an m\u00e4nnlichen Teilnehmern hat sich der Reiz von Lavatanssit langsam gelegt bis niemand mehr ausserhalb von der Tanzgruppe erschienen ist. So haben wir leider mit dem Organisieren von Lavatanssit im Herbst 2019 aufgeh\u00f6rt.<br \/>\nW\u00e4hrend der Amtsperiode der Delegierten der Tanzguppen hat es eine Mutation gegeben. Aulikki von Wenlat konnte aus privaten Gr\u00fcnden das Amt nicht mehr weiterf\u00fchren und stattdessen ist Ruth auch von der Gruppe Wenlat eingetreten. Ruth bleibt jetzt 2 Jahre im Amt und die Katrilli wird eine Vertreterin erst im Jahr 2021 w\u00e4hlen m\u00fcssen.<br \/>\nDas Volkstanztraining war sehr gut besucht. Wir haben die Abende mit abwechslungsreichem Programm, gute Laune und Freude am Tanzen sehr genossen.<br \/>\nIm Fr\u00fchling haben zahlreiche Mitglieder von Katrilli an dem Volkstanzwochenende in Z\u00fcrich teilgenommen. Lennu hat uns vor allem T\u00e4nze aus dem Tanhuvakka beigebracht. Wir konnten altbekannte T\u00e4nze in neuen Formationen erleben.<br \/>\nAuch dieses Jahr nahm Katrilli aktiv teil am Vappufest am 30.04. vom SVFF Gruppe Basel. Risto hat die Musikanlage mitgebracht und den ganzen Abend Musik gespielt, Katrilli hat zwei T\u00e4nze mit den Kindern getanzt und nachher die Erwachsenen zum Tanzen animiert. Es war nicht allzu perfekt aber lustig in jedem Fall.<br \/>\nDas \u00dcben f\u00fcr den Auftritt an dem Liestaler Stadtfest haben wir schon fr\u00fch im Fr\u00fchling begonnen. Wir wollten T\u00e4nze aus verschiedenen Teilen Finnlands zeigen. Die rassigeren aus Karelien und die mehr nach Plan getanzten von Ostbottnien und dazwischen was aus Mittelfinnland. Vor dem Auftritt hat die Moderatorin uns noch interviewt. Zugabe gab es beim Integrastand als Vorgeschmack f\u00fcr das kommende Jubil\u00e4umsjahr, weil im Herbst 2020, am 05 September, das 20. Integrafest stattfinden wird.<br \/>\nIm November feierte Katrilli P\u00e4ivis 60sten Geburtstag mit speziell zubereitetem Lachs(Flammlachs) zum Essen und f\u00fcrs Programm hatten Risto und Nicole lustige Sketches aus dem Kriegszeiten erz\u00e4hlt, Dora hat mit einem Improvisationsspiel die G\u00e4ste auf dem Trab gehalten und mit einem ber\u00fchrenden Geburtstagslied auf Ungarisch alle Anwesenden begeistert. F\u00fcr die Tanzbeine hat Dagmar Letkiss-Variante f\u00fcr enge R\u00e4ume ausstudiert: \u201eLinks links, rechts rechts, rechts links ein zwei drei\u2026.\u201c<br \/>\nTangokurse in Joensuu haben Risto und Nicole im Sommer besucht und im September war Juhani Tahvanainen, DER Tangomeister aus Finnland, auch in die Schweiz gekommen um die Kunst des Finnischen alten Tangos n\u00e4her zu bringen.<br \/>\nIn Flawil, wo das schwedische Volkstanzwochenende von NVZ stattfand, hat Risto alleine Katrilli vertreten.<br \/>\nF\u00fcr den Weihnachtsmarkt war wieder Piroggenbacken bei Aino in B\u00e4ttwil angesagt. Das Jahr waren wir schneller fertig denn je. Diese herrlichen Geb\u00e4ck aus original finnischen Roggenmehl gef\u00fcllt mit Reisbrei konnten wir gut verkaufen und die Kasse von Katrilli ein bisschen f\u00fcllen f\u00fcr das Tanzwochenende im Fr\u00fchling 2020, das Katrilli in Liestal mit Juha-Matti Aronen organisieren wird.<br \/>\nWir beendeten das Jahr mit einer gemeinsamen Weihnachtsfeier in der Aula vom Petersschulhaus und werden im Januar 2020 wieder munter weitermachen.<br \/>\nIch m\u00f6chte allen die uns auf irgendwelche Art und Weise unterst\u00fctzt oder geholfen haben herzlich daf\u00fcr danken, weiter m\u00f6chte ich die ganze Tanzgruppe f\u00fcrs zahlreiche erscheinen ins Training bedanken und speziell Dora, die die Training w\u00e4hrend meiner Abwesenheit einige Male \u00fcbernommen hat.<br \/>\nIch danke allen noch f\u00fcr die gute Zusammenarbeit und w\u00fcnsche euch fr\u00f6hliche Weihnachten und ein erfolgreiches neues Jahr<br \/>\nP\u00e4ivi Milani<br \/>\nLeiterin Katrilli<br \/>\nwww.katrilli.ch<\/p>\n","protected":false},"excerpt":{"rendered":"<p>KATRILLI &#8211; JAHRESBERICHT 2019 Katrilli hat im Jahr 2019 31 Mal Volkstanz ge\u00fcbt. Lavatanssit gab es nur noch 5 Mal. Die Mitgliederzahl ist von 13 auf 14 gestiegen, wir heissen Anne Rongy herzlich willkommen in unserer Gruppe. Auftritte: 30.04.2019 Vappufest &hellip;<\/p>\n<p class=\"read-more\"> <a class=\"more-link\" href=\"https:\/\/katrilli.ch\/?p=801\"> <span class=\"screen-reader-text\">Jahresbericht 2019<\/span> Read More &raquo;<\/a><\/p>\n","protected":false},"author":2,"featured_media":809,"comment_status":"closed","ping_status":"closed","sticky":false,"template":"","format":"standard","meta":[],"categories":[16,5],"tags":[],"_links":{"self":[{"href":"https:\/\/katrilli.ch\/index.php?rest_route=\/wp\/v2\/posts\/801"}],"collection":[{"href":"https:\/\/katrilli.ch\/index.php?rest_route=\/wp\/v2\/posts"}],"about":[{"href":"https:\/\/katrilli.ch\/index.php?rest_route=\/wp\/v2\/types\/post"}],"author":[{"embeddable":true,"href":"https:\/\/katrilli.ch\/index.php?rest_route=\/wp\/v2\/users\/2"}],"replies":[{"embeddable":true,"href":"https:\/\/katrilli.ch\/index.php?rest_route=%2Fwp%2Fv2%2Fcomments&post=801"}],"version-history":[{"count":4,"href":"https:\/\/katrilli.ch\/index.php?rest_route=\/wp\/v2\/posts\/801\/revisions"}],"predecessor-version":[{"id":813,"href":"https:\/\/katrilli.ch\/index.php?rest_route=\/wp\/v2\/posts\/801\/revisions\/813"}],"wp:featuredmedia":[{"embeddable":true,"href":"https:\/\/katrilli.ch\/index.php?rest_route=\/wp\/v2\/media\/809"}],"wp:attachment":[{"href":"https:\/\/katrilli.ch\/index.php?rest_route=%2Fwp%2Fv2%2Fmedia&parent=801"}],"wp:term":[{"taxonomy":"category","embeddable":true,"href":"https:\/\/katrilli.ch\/index.php?rest_route=%2Fwp%2Fv2%2Fcategories&post=801"},{"taxonomy":"post_tag","embeddable":true,"href":"https:\/\/katrilli.ch\/index.php?rest_route=%2Fwp%2Fv2%2Ftags&post=801"}],"curies":[{"name":"wp","href":"https:\/\/api.w.org\/{rel}","templated":true}]}}